[{"@context":"https:\/\/schema.org\/","@type":"Article","@id":"https:\/\/www.lomp.cz\/aby-se-nam-lepe-zilo\/#Article","mainEntityOfPage":"https:\/\/www.lomp.cz\/aby-se-nam-lepe-zilo\/","headline":"Aby se n\u00e1m l\u00e9pe \u017eilo","name":"Aby se n\u00e1m l\u00e9pe \u017eilo","description":"Samoz\u0159ejm\u011b je naprosto ka\u017ed\u00e9ho v\u011bc, jak\u00fdm zp\u016fsobem se postav\u00ed ke stanovisku, \u017ee je pot\u0159eba n\u011bco zm\u011bnit na tom na\u0161em \u0161ir\u00e9m sv\u011bt\u011b, nebo\u0165 se pomalu ale jist\u011b \u0159\u00edt\u00edme do z\u00e1huby a \u017eivotn\u00ed prost\u0159ed\u00ed se n\u00e1m ni\u010d\u00ed doslova p\u0159ed o\u010dima\u2026 Samoz\u0159ejm\u011b z n\u00e1s nemus\u00ed hned b\u00fdt n\u011bjac\u00ed potrhl\u00ed ochr\u00e1nci p\u0159\u00edrody, kte\u0159\u00ed se p\u0159ivazuj\u00ed na protest ke strom\u016fm [&hellip;]","datePublished":"2019-04-25","dateModified":"2023-05-01","author":{"@type":"Person","@id":"https:\/\/www.lomp.cz\/author\/#Person","name":"","url":"https:\/\/www.lomp.cz\/author\/","identifier":1,"image":{"@type":"ImageObject","@id":"https:\/\/secure.gravatar.com\/avatar\/68b3ed45b3ae6ecdad6bfa25b4077e93536d7764172b2830acbdb661d7242512?s=96&d=mm&r=g","url":"https:\/\/secure.gravatar.com\/avatar\/68b3ed45b3ae6ecdad6bfa25b4077e93536d7764172b2830acbdb661d7242512?s=96&d=mm&r=g","height":96,"width":96}},"publisher":{"@type":"Organization","name":"lomp.cz","logo":{"@type":"ImageObject","@id":"\/logo.png","url":"\/logo.png","width":600,"height":60}},"image":{"@type":"ImageObject","@id":"https:\/\/www.lomp.cz\/wp-content\/uploads\/img_a342481_w2424_t1555248310.jpg","url":"https:\/\/www.lomp.cz\/wp-content\/uploads\/img_a342481_w2424_t1555248310.jpg","height":0,"width":0},"url":"https:\/\/www.lomp.cz\/aby-se-nam-lepe-zilo\/","about":["Byt"],"wordCount":432,"articleBody":"Samoz\u0159ejm\u011b je naprosto ka\u017ed\u00e9ho v\u011bc, jak\u00fdm zp\u016fsobem se postav\u00ed ke stanovisku, \u017ee je pot\u0159eba n\u011bco zm\u011bnit na tom na\u0161em \u0161ir\u00e9m sv\u011bt\u011b, nebo\u0165 se pomalu ale jist\u011b \u0159\u00edt\u00edme do z\u00e1huby a \u017eivotn\u00ed prost\u0159ed\u00ed se n\u00e1m ni\u010d\u00ed doslova p\u0159ed o\u010dima\u2026 Samoz\u0159ejm\u011b z n\u00e1s nemus\u00ed hned b\u00fdt n\u011bjac\u00ed potrhl\u00ed ochr\u00e1nci p\u0159\u00edrody, kte\u0159\u00ed se p\u0159ivazuj\u00ed na protest ke strom\u016fm a podobn\u011b, ale je d\u016fle\u017eit\u00e9 si um\u011bt poradit s b\u011b\u017en\u00fdmi probl\u00e9my a um\u011bt je \u0159e\u0161it ekologickou cestou.Jedn\u00edm takov\u00fdm bodem, kter\u00fd ur\u010dit\u011b m\u016f\u017ee ve sv\u00e9m \u017eivot\u011b zm\u011bnit ka\u017ed\u00fd, je nakupov\u00e1n\u00ed takzvan\u011b z druh\u00e9 ruky.Kolikr\u00e1t to ani nemus\u00ed znamenat, \u017ee p\u0159ed v\u00e1mi n\u011bkdo dan\u00e9 oble\u010den\u00ed nosil, nebo\u0165 plno obchod\u016f rozli\u0161uje u\u017e i nov\u00e9, ale neno\u0161en\u00e9 oble\u010den\u00ed, kter\u00e9 je k dost\u00e1n\u00ed v second hand obchodech. N\u011bkdo by si tak\u00e9 mohl pomyslet, \u017ee n\u00e1kup v takov\u00fdchto podnic\u00edch je naprosto mimo jeho \u00farove\u0148 a \u017ee je vylou\u010deno, aby si tak udr\u017eel sv\u016fj dokonal\u00fd styl. Omyl! V dne\u0161n\u00ed dob\u011b je tento zp\u016fsob nakupov\u00e1n\u00ed naprosto in. I slavn\u00ed lid\u00e9 a here\u010dky \u010dasto vyu\u017e\u00edvaj\u00ed t\u011bchto sek\u00e1\u010d\u016f, nebo\u0165 v\u00fdt\u011b\u017eek putuje kolikr\u00e1t k tomu v\u0161emu i na dobrou v\u011bc. Nav\u00edc \u0161\u00edlen\u00e9 kousky v dne\u0161n\u00ed dob\u011b opravdu let\u00ed a tyto obchody jsou skv\u011blou mo\u017enost\u00ed na to si jich dom\u016f nakoupit hned n\u011bkolik. Jejich cena je toti\u017e opravdu n\u00edzk\u00e1 a \u010dasto naraz\u00edte na opravdov\u00fd klenot za p\u00e1r ka\u010dek, za kter\u00fd byste v opravdov\u00e9m kamenn\u00e9m obchod\u011b zaplatili neskute\u010dn\u00fd obnos pen\u011bz.Je to opravdu v\u011bc ka\u017ed\u00e9ho z n\u00e1s, jak\u00fdm stylem se rozhodneme pomoct na\u0161emu zb\u00edda\u010del\u00e9mu \u017eivotn\u00edmu prost\u0159ed\u00ed. Nejd\u016fle\u017eit\u011bj\u0161\u00ed je jen to, aby n\u00e1m to nebylo lhostejn\u00e9 a abychom se nenechali strhnout lavinou jen ti\u0161e p\u0159ihl\u00ed\u017eej\u00edc\u00edch lid\u00ed, kte\u0159\u00ed pak ve v\u00fdsledku maj\u00ed nejv\u00edce \u0159e\u010d\u00ed, ale sami pro dobro v\u011bci nehnuli ani brvou. Nen\u00ed to toti\u017e jedno a i mal\u00fd kr\u016f\u010dek kup\u0159edu se po\u010d\u00edt\u00e1 a zm\u016f\u017ee opravdu mnoho. Tak se nebojme b\u00fdt v\u00edce empati\u010dt\u00ed a to nejen k sob\u011b, ale i ke sv\u00e9mu okol\u00ed a p\u0159\u00edrod\u011b obecn\u011b, ta si to toti\u017e zaslou\u017e\u00ed v prv\u00e9 \u0159ad\u011b.                                                                                                                                                                                                                                                                                                                                                                                        3.8\/5 - (9 votes)        "},{"@context":"https:\/\/schema.org\/","@type":"BreadcrumbList","itemListElement":[{"@type":"ListItem","position":1,"name":"Aby se n\u00e1m l\u00e9pe \u017eilo","item":"https:\/\/www.lomp.cz\/aby-se-nam-lepe-zilo\/#breadcrumbitem"}]}]