[{"@context":"https:\/\/schema.org\/","@type":"Article","@id":"https:\/\/www.lomp.cz\/vytecna-bezova-limca-pro-celou-rodinu\/#Article","mainEntityOfPage":"https:\/\/www.lomp.cz\/vytecna-bezova-limca-pro-celou-rodinu\/","headline":"V\u00fdte\u010dn\u00e1 bezov\u00e1 lim\u010da pro celou rodinu","name":"V\u00fdte\u010dn\u00e1 bezov\u00e1 lim\u010da pro celou rodinu","description":"Star\u00e9 \u010desk\u00e9 p\u0159\u00edslov\u00ed n\u00e1m \u0159\u00edk\u00e1 starou zn\u00e1mou pravdu, a to: \u201eP\u0159ed he\u0159m\u00e1nkem smekni, p\u0159ed bezem klekni\u201c. Ji\u017e na\u0161i prap\u0159edkov\u00e9 znali l\u00e9\u010divou s\u00edlu \u010dern\u00e9ho bezu, proto vyslali toto p\u0159\u00edslov\u00ed do sv\u011bta. \u010cern\u00fd bez p\u011bstovali z\u00e1m\u011brn\u011b na dvorc\u00edch u sv\u00fdch obydl\u00ed, proto\u017ee v\u011b\u0159ili, \u017ee tento ke\u0159 zah\u00e1n\u00ed zl\u00e9 duchy a str\u00e1\u017e\u00ed klid rodiny. Kdo u\u0159\u00edzl v\u011btev nebo [&hellip;]","datePublished":"2021-12-24","dateModified":"2023-05-01","author":{"@type":"Person","@id":"https:\/\/www.lomp.cz\/author\/#Person","name":"","url":"https:\/\/www.lomp.cz\/author\/","identifier":1,"image":{"@type":"ImageObject","@id":"https:\/\/secure.gravatar.com\/avatar\/68b3ed45b3ae6ecdad6bfa25b4077e93536d7764172b2830acbdb661d7242512?s=96&d=mm&r=g","url":"https:\/\/secure.gravatar.com\/avatar\/68b3ed45b3ae6ecdad6bfa25b4077e93536d7764172b2830acbdb661d7242512?s=96&d=mm&r=g","height":96,"width":96}},"publisher":{"@type":"Organization","name":"lomp.cz","logo":{"@type":"ImageObject","@id":"\/logo.png","url":"\/logo.png","width":600,"height":60}},"image":{"@type":"ImageObject","@id":"https:\/\/www.lomp.cz\/wp-content\/uploads\/%C4%8Dern%C3%BD%20bez_3.jpg","url":"https:\/\/www.lomp.cz\/wp-content\/uploads\/%C4%8Dern%C3%BD%20bez_3.jpg","height":0,"width":0},"url":"https:\/\/www.lomp.cz\/vytecna-bezova-limca-pro-celou-rodinu\/","about":["Dovolen\u00e1"],"wordCount":494,"articleBody":"        Star\u00e9 \u010desk\u00e9 p\u0159\u00edslov\u00ed n\u00e1m \u0159\u00edk\u00e1 starou zn\u00e1mou pravdu, a to: \u201eP\u0159ed he\u0159m\u00e1nkem smekni, p\u0159ed bezem klekni\u201c. Ji\u017e na\u0161i prap\u0159edkov\u00e9 znali l\u00e9\u010divou s\u00edlu \u010dern\u00e9ho bezu, proto vyslali toto p\u0159\u00edslov\u00ed do sv\u011bta.\u010cern\u00fd bez p\u011bstovali z\u00e1m\u011brn\u011b na dvorc\u00edch u sv\u00fdch obydl\u00ed, proto\u017ee v\u011b\u0159ili, \u017ee tento ke\u0159 zah\u00e1n\u00ed zl\u00e9 duchy a str\u00e1\u017e\u00ed klid rodiny. Kdo u\u0159\u00edzl v\u011btev nebo zni\u010dil tento ke\u0159, v\u011b\u0159ilo se, \u017ee bude zle potrest\u00e1n. V d\u0159\u00edv\u011bj\u0161\u00edch dob\u00e1ch dokonce nev\u011bst\u011b byla darov\u00e1na bezov\u00e1 sazenice, by si ji zasadila k nov\u00e9mu obydl\u00ed \u2013 tento zvyk je ji\u017e zapomenut, ale potvrzuje to, \u017ee pro Slovany byl \u010dern\u00fd bez posv\u00e1tn\u00fdm stromem, kter\u00e9ho si v\u00e1\u017eili a ope\u010dov\u00e1vali ho.Jak su\u0161en\u00e9, tak i \u010derstv\u00e9 vo\u0148av\u00e9 kv\u011bty l\u00e9\u010d\u00ed ch\u0159ipku, ka\u0161el, r\u00fdmu i ang\u00ednu. L\u00e1tky, kter\u00e9 jsou k rostlin\u011b obsa\u017eeny, usnad\u0148uj\u00ed pr\u00e1v\u011b vyka\u0161l\u00e1v\u00e1n\u00ed, p\u016fsob\u00ed i na sni\u017eov\u00e1n\u00ed teploty, jsou mo\u010dopudn\u00e9 \u2013 d\u00edky tomu jsou \u0161kodliv\u00e9 l\u00e1tky vyv\u00e1d\u011bny z t\u011bla ven. P\u0159i nachlazen\u00ed, ale i p\u0159i teplot\u00e1ch va\u0161ich d\u011bt\u00ed pod\u00e1vejte tepl\u00fd \u010daj z kv\u011bt\u016f bezu, proto\u017ee vyvol\u00e1v\u00e1 pocen\u00ed. \u010cern\u00fd bez pracuje za n\u00e1s a hlavn\u011b pro n\u00e1s v dob\u011b nemoci, ale dok\u00e1\u017ee n\u00e1s nabudit a b\u00fdt mil\u00fdm spole\u010dn\u00edkem v dob\u011b, kdy jsme zdrav\u00ed a chceme si dop\u0159\u00e1t n\u011bco dobr\u00e9ho a k tomu nav\u00edc zdrav\u00e9ho.Pro tento p\u0159\u00edpad m\u00e1me pro v\u00e1s v nab\u00eddce b e z o v o u l i m o n \u00e1 d u, m\u0148amku! Toto b\u00e1je\u010dn\u00e9 a skv\u011bl\u00e9 pit\u00ed chutn\u00e1 jako proch\u00e1zka bezovou alej\u00ed nebo v\u00e1m t\u0159eba p\u0159ipomene letn\u00ed n\u00e1v\u0161t\u011bvu u babi\u010dky, kter\u00e1 v\u00e1m tento n\u00e1poj r\u00e1da p\u0159ipravovala.Dnes si ji ale vyr\u00e1b\u011bt nemus\u00edte, m\u00e1me ji pro v\u00e1s p\u0159ipravenou a sladkou tak akor\u00e1t s typickou v\u016fn\u00ed \u010dern\u00e9ho bezu a kapkou citronu. \u00da\u017easn\u011b jemn\u011b zaperl\u00ed na va\u0161em mlsn\u00e9m jaz\u00fd\u010dku a pochutnaj\u00ed si na n\u00ed i va\u0161e d\u011bti.Ud\u011blejte si spole\u010dn\u00fd rodinn\u00fd ve\u010der s bezovou kamar\u00e1dkou. D\u011btem nalijete do sklenic jemn\u011b perlivou bezovou lim\u010du s p\u00e1r l\u00edstky vo\u0148av\u00e9 zelen\u00e9 m\u00e1ty a dosp\u011bl\u00fdm nalijte limon\u00e1du do vysok\u00fdch sklenic, dolijte trochu b\u00edl\u00e9ho v\u00edna nebo kapkou rumu a skv\u011bl\u00fd n\u00e1poj pro celou rodinu je v cuku letu p\u0159ipraven\u00fd. Pak si jen \u0165ukn\u011bte v\u0161ichni spolu a p\u0159ipijte si na zdrav\u00ed! A ve\u010der pln\u00fd vypr\u00e1v\u011bn\u00ed a poh\u00e1dek m\u016f\u017ee za\u010d\u00edt \u2026                                                                                                                                                                                                                                                                                                                                                                                          4.5\/5 - (15 votes)        "},{"@context":"https:\/\/schema.org\/","@type":"BreadcrumbList","itemListElement":[{"@type":"ListItem","position":1,"name":"V\u00fdte\u010dn\u00e1 bezov\u00e1 lim\u010da pro celou rodinu","item":"https:\/\/www.lomp.cz\/vytecna-bezova-limca-pro-celou-rodinu\/#breadcrumbitem"}]}]